{"id":3082,"date":"2021-12-07T09:28:26","date_gmt":"2021-12-07T09:28:26","guid":{"rendered":"https:\/\/zacheta.art.pl\/magazyn\/?p=3082"},"modified":"2021-12-30T14:41:16","modified_gmt":"2021-12-30T14:41:16","slug":"konkurs-byl-dla-artystow-wystawy-dla-publicznosci","status":"publish","type":"post","link":"https:\/\/zacheta.art.pl\/magazyn\/konkurs-byl-dla-artystow-wystawy-dla-publicznosci\/","title":{"rendered":"Konkurs by\u0142 dla artyst\u00f3w, wystawy dla publiczno\u015bci"},"content":{"rendered":"","protected":false},"excerpt":{"rendered":"","protected":false},"author":1,"featured_media":3084,"comment_status":"closed","ping_status":"closed","sticky":false,"template":"","format":"standard","meta":[],"categories":[243,10],"yoast_head":"<!-- This site is optimized with the Yoast SEO plugin v16.5 - https:\/\/yoast.com\/wordpress\/plugins\/seo\/ -->\n<meta name=\"robots\" content=\"index, follow, max-snippet:-1, max-image-preview:large, max-video-preview:-1\" \/>\n<link rel=\"canonical\" href=\"https:\/\/zacheta.art.pl\/magazyn\/konkurs-byl-dla-artystow-wystawy-dla-publicznosci\/\" \/>\n<meta property=\"og:locale\" content=\"pl_PL\" \/>\n<meta property=\"og:type\" content=\"article\" \/>\n<meta property=\"og:title\" content=\"Konkurs by\u0142 dla artyst\u00f3w, wystawy dla publiczno\u015bci - Magazyn Zach\u0119ta Online\" \/>\n<meta property=\"og:url\" content=\"https:\/\/zacheta.art.pl\/magazyn\/konkurs-byl-dla-artystow-wystawy-dla-publicznosci\/\" \/>\n<meta property=\"og:site_name\" content=\"Magazyn Zach\u0119ta Online\" \/>\n<meta property=\"article:published_time\" content=\"2021-12-07T09:28:26+00:00\" \/>\n<meta property=\"article:modified_time\" content=\"2021-12-30T14:41:16+00:00\" \/>\n<meta property=\"og:image\" content=\"https:\/\/zacheta.art.pl\/magazyn\/wp-content\/uploads\/2021\/12\/aEMO_8288-1024x622.jpg\" \/>\n\t<meta property=\"og:image:width\" content=\"1024\" \/>\n\t<meta property=\"og:image:height\" content=\"622\" \/>\n<meta name=\"twitter:card\" content=\"summary_large_image\" \/>\n<script type=\"application\/ld+json\" class=\"yoast-schema-graph\">{\"@context\":\"https:\/\/schema.org\",\"@graph\":[{\"@type\":\"WebSite\",\"@id\":\"https:\/\/zacheta.art.pl\/magazyn\/#website\",\"url\":\"https:\/\/zacheta.art.pl\/magazyn\/\",\"name\":\"Magazyn Zach\\u0119ta Online\",\"description\":\"Magazyn Zach\\u0119ta Online\",\"potentialAction\":[{\"@type\":\"SearchAction\",\"target\":\"https:\/\/zacheta.art.pl\/magazyn\/?s={search_term_string}\",\"query-input\":\"required name=search_term_string\"}],\"inLanguage\":\"pl-PL\"},{\"@type\":\"ImageObject\",\"@id\":\"https:\/\/zacheta.art.pl\/magazyn\/konkurs-byl-dla-artystow-wystawy-dla-publicznosci\/#primaryimage\",\"inLanguage\":\"pl-PL\",\"url\":\"https:\/\/zacheta.art.pl\/magazyn\/wp-content\/uploads\/2021\/12\/aEMO_8288-scaled.jpg\",\"contentUrl\":\"https:\/\/zacheta.art.pl\/magazyn\/wp-content\/uploads\/2021\/12\/aEMO_8288-scaled.jpg\",\"width\":2560,\"height\":1555,\"caption\":\"Spojrzenia 2017, otwarcie wystawy. Od lewej: Agnieszka Morawi\\u0144ska, Krzysztof Kalicki, Hanna Wr\\u00f3blewska\"},{\"@type\":\"WebPage\",\"@id\":\"https:\/\/zacheta.art.pl\/magazyn\/konkurs-byl-dla-artystow-wystawy-dla-publicznosci\/#webpage\",\"url\":\"https:\/\/zacheta.art.pl\/magazyn\/konkurs-byl-dla-artystow-wystawy-dla-publicznosci\/\",\"name\":\"Konkurs by\\u0142 dla artyst\\u00f3w, wystawy dla publiczno\\u015bci - Magazyn Zach\\u0119ta Online\",\"isPartOf\":{\"@id\":\"https:\/\/zacheta.art.pl\/magazyn\/#website\"},\"primaryImageOfPage\":{\"@id\":\"https:\/\/zacheta.art.pl\/magazyn\/konkurs-byl-dla-artystow-wystawy-dla-publicznosci\/#primaryimage\"},\"datePublished\":\"2021-12-07T09:28:26+00:00\",\"dateModified\":\"2021-12-30T14:41:16+00:00\",\"author\":{\"@id\":\"https:\/\/zacheta.art.pl\/magazyn\/#\/schema\/person\/fc18bf5feb92bba956637fdb35a75ee7\"},\"breadcrumb\":{\"@id\":\"https:\/\/zacheta.art.pl\/magazyn\/konkurs-byl-dla-artystow-wystawy-dla-publicznosci\/#breadcrumb\"},\"inLanguage\":\"pl-PL\",\"potentialAction\":[{\"@type\":\"ReadAction\",\"target\":[\"https:\/\/zacheta.art.pl\/magazyn\/konkurs-byl-dla-artystow-wystawy-dla-publicznosci\/\"]}]},{\"@type\":\"BreadcrumbList\",\"@id\":\"https:\/\/zacheta.art.pl\/magazyn\/konkurs-byl-dla-artystow-wystawy-dla-publicznosci\/#breadcrumb\",\"itemListElement\":[{\"@type\":\"ListItem\",\"position\":1,\"name\":\"Konkurs by\\u0142 dla artyst\\u00f3w, wystawy dla publiczno\\u015bci\"}]},{\"@type\":\"Person\",\"@id\":\"https:\/\/zacheta.art.pl\/magazyn\/#\/schema\/person\/fc18bf5feb92bba956637fdb35a75ee7\",\"name\":\"admin\",\"image\":{\"@type\":\"ImageObject\",\"@id\":\"https:\/\/zacheta.art.pl\/magazyn\/#personlogo\",\"inLanguage\":\"pl-PL\",\"url\":\"https:\/\/secure.gravatar.com\/avatar\/e19a82cffac444eefe6fa0a7dea3158d?s=96&d=mm&r=g\",\"contentUrl\":\"https:\/\/secure.gravatar.com\/avatar\/e19a82cffac444eefe6fa0a7dea3158d?s=96&d=mm&r=g\",\"caption\":\"admin\"},\"sameAs\":[\"https:\/\/zacheta.art.pl\/magazyn\"],\"url\":\"https:\/\/zacheta.art.pl\/magazyn\/author\/admin\/\"}]}<\/script>\n<!-- \/ Yoast SEO plugin. -->","_links":{"self":[{"href":"https:\/\/zacheta.art.pl\/magazyn\/wp-json\/wp\/v2\/posts\/3082"}],"collection":[{"href":"https:\/\/zacheta.art.pl\/magazyn\/wp-json\/wp\/v2\/posts"}],"about":[{"href":"https:\/\/zacheta.art.pl\/magazyn\/wp-json\/wp\/v2\/types\/post"}],"author":[{"embeddable":true,"href":"https:\/\/zacheta.art.pl\/magazyn\/wp-json\/wp\/v2\/users\/1"}],"replies":[{"embeddable":true,"href":"https:\/\/zacheta.art.pl\/magazyn\/wp-json\/wp\/v2\/comments?post=3082"}],"version-history":[{"count":3,"href":"https:\/\/zacheta.art.pl\/magazyn\/wp-json\/wp\/v2\/posts\/3082\/revisions"}],"predecessor-version":[{"id":3271,"href":"https:\/\/zacheta.art.pl\/magazyn\/wp-json\/wp\/v2\/posts\/3082\/revisions\/3271"}],"wp:featuredmedia":[{"embeddable":true,"href":"https:\/\/zacheta.art.pl\/magazyn\/wp-json\/wp\/v2\/media\/3084"}],"wp:attachment":[{"href":"https:\/\/zacheta.art.pl\/magazyn\/wp-json\/wp\/v2\/media?parent=3082"}],"wp:term":[{"taxonomy":"category","embeddable":true,"href":"https:\/\/zacheta.art.pl\/magazyn\/wp-json\/wp\/v2\/categories?post=3082"}],"curies":[{"name":"wp","href":"https:\/\/api.w.org\/{rel}","templated":true}]}}